{"html":"<div class='col-md-4'><div class=\"article-box  lang-fr \">\n    <div class=\"row\">\n                    <div class=\"col-md-12\">\n                <a href=\"https:\/\/diwanfm.net\/news\/%D8%A7%D9%81%D9%83%D8%A7%D8%B1\/Fadhel-Mahfoudh-%3ALe-terrorisme-n%27a-pas-de-certificat-de-naissance\">\n                    <img src=\"https:\/\/diwanfm.net\/photos\/posts\/2020\/10\/31\/300x169-5f9d85859f9cd5f9d85859f9ce.jpg\" alt=\"La ville de Sfax, dont je suis originaire et fier de lui appartenir, est de tout temps r\u00e9put\u00e9e pour son esprit de tol\u00e9rance et de paix\" \/>\n                    <div class=\"tag\" style=\"background-color:#05bcff\">\n                        \u0627\u0641\u0643\u0627\u0631\n                    <\/div>\n                <\/a>\n            <\/div>\n            <div class=\"col-md-12\">\n                <h4><a href=\"https:\/\/diwanfm.net\/news\/%D8%A7%D9%81%D9%83%D8%A7%D8%B1\/Fadhel-Mahfoudh-%3ALe-terrorisme-n%27a-pas-de-certificat-de-naissance\">Fadhel Mahfoudh :Le terrorisme n&#039;a pas de certificat de naissance<\/a>\n                <\/h4>\n            <\/div>\n                <div class=\"col-md-12\">\n                                                                <div class=\"timer\">\n                        <i class=\"icon-clock\"><\/i>\n                        <span>31 Oct 2020 16:42<\/span>\n                    <\/div>\n                                            \n        <\/div>\n        <div class=\"col-md-12\">\n            <p>\n                La ville de Sfax, dont je suis originaire et fier de lui appartenir, est de tout temps r\u00e9put\u00e9e pour son esprit de tol\u00e9rance et de paix\n            <\/p>\n        <\/div>\n    <\/div>\n<\/div>\n<\/div>"}