{"html":"<div class='col-md-4'><div class=\"article-box  lang-fr \">\n    <div class=\"row\">\n                    <div class=\"col-md-12\">\n                <a href=\"https:\/\/diwanfm.net\/news\/%D8%A8%D9%8A%D8%A7%D9%86%D8%A7%D8%AA\/L%27%C3%89ducation-Tunisienne-%C3%A0-l%27Honneur-%3A-Retour-sur-la-C%C3%A9r%C3%A9monie-des-Crayons-d%27Or-2024\">\n                    <img src=\"https:\/\/diwanfm.net\/photos\/posts\/2024\/08\/01\/300x169-66abab08db35166abab08db353.jpg\" alt=\"L&#039;\u00c9ducation Tunisienne \u00e0 l&#039;Honneur : Retour sur la C\u00e9r\u00e9monie des Crayons d&#039;Or 2024\" \/>\n                    <div class=\"tag\" style=\"background-color:#FFAD03\">\n                        \u0628\u064a\u0627\u0646\u0627\u062a\n                    <\/div>\n                <\/a>\n            <\/div>\n            <div class=\"col-md-12\">\n                <h4><a href=\"https:\/\/diwanfm.net\/news\/%D8%A8%D9%8A%D8%A7%D9%86%D8%A7%D8%AA\/L%27%C3%89ducation-Tunisienne-%C3%A0-l%27Honneur-%3A-Retour-sur-la-C%C3%A9r%C3%A9monie-des-Crayons-d%27Or-2024\">L&#039;\u00c9ducation Tunisienne \u00e0 l&#039;Honneur : Retour sur la C\u00e9r\u00e9monie des Crayons d&#039;Or 2024<\/a>\n                <\/h4>\n            <\/div>\n                <div class=\"col-md-12\">\n                                                                <div class=\"timer\">\n                        <i class=\"icon-clock\"><\/i>\n                        <span>01 Aug 2024 16:34<\/span>\n                    <\/div>\n                                            \n        <\/div>\n        <div class=\"col-md-12\">\n            <p>\n                Le 5 juillet 2024, l&#039;h\u00f4tel Golden Carthage \u00e0 Gammarth a \u00e9t\u00e9 le th\u00e9\u00e2tre de la prestigieuse c\u00e9r\u00e9monie des Crayons D&#039;Or. Fond\u00e9e et magnifiquement organis\u00e9 par l&#039;agence Tomorrow Media Group, cet \u00e9v\u00e9nement a mis en lumi\u00e8re les institutions \u00e9ducatives les plus m\u00e9ritantes de Tunisie, c\u00e9l\u00e9brant leurs contributions exceptionnelles et leur engagement envers l&#039;excellence \u00e9ducative.\n            <\/p>\n        <\/div>\n    <\/div>\n<\/div>\n<\/div><div class='col-md-4'><div class=\"article-box  lang-fr \">\n    <div class=\"row\">\n                    <div class=\"col-md-12\">\n                <a href=\"https:\/\/diwanfm.net\/news\/%D9%85%D8%AA%D9%81%D8%B1%D9%82%D8%A7%D8%AA\/Les-Crayons-d%27Or-2024-%3A-C%C3%A9l%C3%A9brons-l%27Excellence-de-l%27%C3%89ducation-en-Tunisie\">\n                    <img src=\"https:\/\/diwanfm.net\/photos\/posts\/2024\/07\/02\/300x169-6683e179abbac6683e179abbae.jpg\" alt=\"Les Crayons d&#039;Or 2024 : C\u00e9l\u00e9brons l&#039;Excellence de l&#039;\u00c9ducation en Tunisie\" \/>\n                    <div class=\"tag\" style=\"background-color:#da1deb\">\n                        \u0645\u062a\u0641\u0631\u0642\u0627\u062a\n                    <\/div>\n                <\/a>\n            <\/div>\n            <div class=\"col-md-12\">\n                <h4><a href=\"https:\/\/diwanfm.net\/news\/%D9%85%D8%AA%D9%81%D8%B1%D9%82%D8%A7%D8%AA\/Les-Crayons-d%27Or-2024-%3A-C%C3%A9l%C3%A9brons-l%27Excellence-de-l%27%C3%89ducation-en-Tunisie\">Les Crayons d&#039;Or 2024 : C\u00e9l\u00e9brons l&#039;Excellence de l&#039;\u00c9ducation en Tunisie<\/a>\n                <\/h4>\n            <\/div>\n                <div class=\"col-md-12\">\n                                                                <div class=\"timer\">\n                        <i class=\"icon-clock\"><\/i>\n                        <span>02 Jul 2024 12:16<\/span>\n                    <\/div>\n                                            \n        <\/div>\n        <div class=\"col-md-12\">\n            <p>\n                L&#039;\u00e9v\u00e9nement tant attendu &quot;Les Crayons d&#039;Or&quot; 2024, organis\u00e9 par l&#039;agence Tomorrow Media Group, se pr\u00e9pare \u00e0 c\u00e9l\u00e9brer l&#039;excellence \u00e9ducative en Tunisie avec une c\u00e9r\u00e9monie qui se tiendra le Vendredi 5 juillet \u00e0 l\u2019h\u00f4tel Golden Tulip Gammarth, de 18h00 \u00e0 22h00. Cette soir\u00e9e exceptionnelle mettra \u00e0 l&#039;honneur les institutions \u00e9ducatives les plus m\u00e9ritantes du pays, r\u00e9compensant leur d\u00e9vouement et leurs r\u00e9alisations remarquables dans le domaine de l&#039;\u00e9ducation. La pr\u00e9sence \u00e0 cet \u00e9v\u00e9nement prestigieux se fait exclusivement sur invitation.\n            <\/p>\n        <\/div>\n    <\/div>\n<\/div>\n<\/div>"}