{"html":"<div class='col-md-4'><div class=\"article-box  lang-fr \">\n    <div class=\"row\">\n                    <div class=\"col-md-12\">\n                <a href=\"https:\/\/diwanfm.net\/news\/%D8%A8%D9%8A%D8%A7%D9%86%D8%A7%D8%AA\/Professionnels-du-retail-et-du-e-commerce-bloquez-vos-agendas-les-16-%26-17-avril-2025\">\n                    <img src=\"https:\/\/diwanfm.net\/photos\/posts\/2025\/03\/05\/300x169-67c836cea049e67c836cea04a0.png\" alt=\"La 3\u1d49 \u00e9dition des TUNISIA RETAIL DAYS\" \/>\n                    <div class=\"tag\" style=\"background-color:#FFAD03\">\n                        \u0628\u064a\u0627\u0646\u0627\u062a\n                    <\/div>\n                <\/a>\n            <\/div>\n            <div class=\"col-md-12\">\n                <h4><a href=\"https:\/\/diwanfm.net\/news\/%D8%A8%D9%8A%D8%A7%D9%86%D8%A7%D8%AA\/Professionnels-du-retail-et-du-e-commerce-bloquez-vos-agendas-les-16-%26-17-avril-2025\">La 3\u00e8me \u00e9dition des Tunisian Retail Days(TRD 2025) arrive \u00e0 grands pas !<\/a>\n                <\/h4>\n            <\/div>\n                <div class=\"col-md-12\">\n                                                                <div class=\"timer\">\n                        <i class=\"icon-clock\"><\/i>\n                        <span>05 Mar 2025 12:46<\/span>\n                    <\/div>\n                                            \n        <\/div>\n        <div class=\"col-md-12\">\n            <p>\n                Professionnels du retail et du e-commerce bloquez vos agendas les 16 &amp; 17 avril 2025 pour votre \u00a0rendez-vous incontournable : La 3\u1d49 \u00e9dition des TUNISIA RETAIL DAYS\r\n\u00a0Ne manquez pas l\u2019opportunit\u00e9 de rencontrer des experts nationaux et internationaux, de d\u00e9couvrir les derni\u00e8res tendances et d\u2019\u00e9changer sur les grands enjeux de demain.\n            <\/p>\n        <\/div>\n    <\/div>\n<\/div>\n<\/div>"}