{"html":"<div class='col-md-4'><div class=\"article-box  lang-fr \">\n    <div class=\"row\">\n                    <div class=\"col-md-12\">\n                <a href=\"https:\/\/diwanfm.net\/news\/%D9%85%D8%AA%D9%81%D8%B1%D9%82%D8%A7%D8%AA\/Ouverture-de-l%E2%80%99hypermarch%C3%A9-Carrefour-Mall-of-Sfax\">\n                    <img src=\"https:\/\/diwanfm.net\/photos\/posts\/2023\/10\/24\/300x169-6537a906a196b6537a906a196d.jpg\" alt=\"Ouverture de l\u2019hypermarch\u00e9 Carrefour Mall of Sfax\" \/>\n                    <div class=\"tag\" style=\"background-color:#da1deb\">\n                        \u0645\u062a\u0641\u0631\u0642\u0627\u062a\n                    <\/div>\n                <\/a>\n            <\/div>\n            <div class=\"col-md-12\">\n                <h4><a href=\"https:\/\/diwanfm.net\/news\/%D9%85%D8%AA%D9%81%D8%B1%D9%82%D8%A7%D8%AA\/Ouverture-de-l%E2%80%99hypermarch%C3%A9-Carrefour-Mall-of-Sfax\">Ouverture de l\u2019hypermarch\u00e9 Carrefour Mall of Sfax<\/a>\n                <\/h4>\n            <\/div>\n                <div class=\"col-md-12\">\n                                                                <div class=\"timer\">\n                        <i class=\"icon-clock\"><\/i>\n                        <span>24 Oct 2023 12:23<\/span>\n                    <\/div>\n                                            \n        <\/div>\n        <div class=\"col-md-12\">\n            <p>\n                Le 26 octobre 2023, Carrefour Mall of Sfax, situ\u00e9 \u00e0 Sakiet Ezzit, accueillera le public, inaugurant ainsi une \u00e8re nouvelle dans le domaine du shopping pour les r\u00e9sidents de la r\u00e9gion de Sfax et au-del\u00e0.\n            <\/p>\n        <\/div>\n    <\/div>\n<\/div>\n<\/div><div class='col-md-4'><div class=\"article-box  lang-fr \">\n    <div class=\"row\">\n                    <div class=\"col-md-12\">\n                <a href=\"https:\/\/diwanfm.net\/news\/%D8%A3%D8%AE%D8%A8%D8%A7%D8%B1-%D8%B5%D9%81%D8%A7%D9%82%D8%B3\/Au-technop%C3%B4le-de-Sfax%2C-Lorraine-Diguer%2C-ambassadrice-du-Canada-%C3%A0-Tunis%2C-participe-%C3%A0-l%E2%80%99inauguration-du-campus-de-l%E2%80%99Universit%C3%A9-nord-am%C3%A9ricaine-priv%C3%A9e\">\n                    <img src=\"https:\/\/diwanfm.net\/photos\/posts\/2023\/01\/26\/300x169-63d255e3d7c7d63d255e3d7c7e.png\" alt=\"stockage\/new_stockage\/NouveauDossier\/canada.png\" \/>\n                    <div class=\"tag\" style=\"background-color:#1acceb\">\n                        \u0635\u0641\u0627\u0642\u0633\n                    <\/div>\n                <\/a>\n            <\/div>\n            <div class=\"col-md-12\">\n                <h4><a href=\"https:\/\/diwanfm.net\/news\/%D8%A3%D8%AE%D8%A8%D8%A7%D8%B1-%D8%B5%D9%81%D8%A7%D9%82%D8%B3\/Au-technop%C3%B4le-de-Sfax%2C-Lorraine-Diguer%2C-ambassadrice-du-Canada-%C3%A0-Tunis%2C-participe-%C3%A0-l%E2%80%99inauguration-du-campus-de-l%E2%80%99Universit%C3%A9-nord-am%C3%A9ricaine-priv%C3%A9e\">Au technop\u00f4le de Sfax, Lorraine Diguer, ambassadrice du Canada \u00e0 Tunis, participe \u00e0 l\u2019inauguration du campus de l\u2019Universit\u00e9 nord-am\u00e9ricaine priv\u00e9e<\/a>\n                <\/h4>\n            <\/div>\n                <div class=\"col-md-12\">\n                                                                <div class=\"timer\">\n                        <i class=\"icon-clock\"><\/i>\n                        <span>26 Jan 2023 11:28<\/span>\n                    <\/div>\n                                            \n        <\/div>\n        <div class=\"col-md-12\">\n            <p>\n                Tunisie, Sfax, le 26 janvier 2023\n            <\/p>\n        <\/div>\n    <\/div>\n<\/div>\n<\/div><div class='col-md-4'><div class=\"article-box  lang-fr \">\n    <div class=\"row\">\n                    <div class=\"col-md-12\">\n                <a href=\"https:\/\/diwanfm.net\/news\/%D8%A7%D9%82%D8%AA%D8%B5%D8%A7%D8%AF\/16%C3%A8me-%C3%A9dition-de-MEDIBAT-%28Sfax%2C-6-9-octobre-2021%29\">\n                    <img src=\"https:\/\/diwanfm.net\/photos\/posts\/2021\/09\/14\/300x169-6140abf85ff0e6140abf85ff0f.jpg\" alt=\"16\u00e8me \u00e9dition de MEDIBAT (Sfax, 6-9 octobre 2021)\" \/>\n                    <div class=\"tag\" style=\"background-color:#1acceb\">\n                        \u0627\u0642\u062a\u0635\u0627\u062f\n                    <\/div>\n                <\/a>\n            <\/div>\n            <div class=\"col-md-12\">\n                <h4><a href=\"https:\/\/diwanfm.net\/news\/%D8%A7%D9%82%D8%AA%D8%B5%D8%A7%D8%AF\/16%C3%A8me-%C3%A9dition-de-MEDIBAT-%28Sfax%2C-6-9-octobre-2021%29\">16\u00e8me \u00e9dition de MEDIBAT (Sfax, 6-9 octobre 2021)<\/a>\n                <\/h4>\n            <\/div>\n                <div class=\"col-md-12\">\n                                                                <div class=\"timer\">\n                        <i class=\"icon-clock\"><\/i>\n                        <span>14 Sep 2021 14:04<\/span>\n                    <\/div>\n                                            \n        <\/div>\n        <div class=\"col-md-12\">\n            <p>\n                Derniers pr\u00e9paratifs et plus de 20 pays confirment leur pr\u00e9sence \u00e0 l\u2019\u00e9dition du trentenaire\n            <\/p>\n        <\/div>\n    <\/div>\n<\/div>\n<\/div><div class='col-md-4'><div class=\"article-box  lang-fr \">\n    <div class=\"row\">\n                    <div class=\"col-md-12\">\n                <a href=\"https:\/\/diwanfm.net\/news\/%D8%A7%D9%81%D9%83%D8%A7%D8%B1\/Fadhel-Mahfoudh-%3ALe-terrorisme-n%27a-pas-de-certificat-de-naissance\">\n                    <img src=\"https:\/\/diwanfm.net\/photos\/posts\/2020\/10\/31\/300x169-5f9d85859f9cd5f9d85859f9ce.jpg\" alt=\"La ville de Sfax, dont je suis originaire et fier de lui appartenir, est de tout temps r\u00e9put\u00e9e pour son esprit de tol\u00e9rance et de paix\" \/>\n                    <div class=\"tag\" style=\"background-color:#05bcff\">\n                        \u0627\u0641\u0643\u0627\u0631\n                    <\/div>\n                <\/a>\n            <\/div>\n            <div class=\"col-md-12\">\n                <h4><a href=\"https:\/\/diwanfm.net\/news\/%D8%A7%D9%81%D9%83%D8%A7%D8%B1\/Fadhel-Mahfoudh-%3ALe-terrorisme-n%27a-pas-de-certificat-de-naissance\">Fadhel Mahfoudh :Le terrorisme n&#039;a pas de certificat de naissance<\/a>\n                <\/h4>\n            <\/div>\n                <div class=\"col-md-12\">\n                                                                <div class=\"timer\">\n                        <i class=\"icon-clock\"><\/i>\n                        <span>31 Oct 2020 16:42<\/span>\n                    <\/div>\n                                            \n        <\/div>\n        <div class=\"col-md-12\">\n            <p>\n                La ville de Sfax, dont je suis originaire et fier de lui appartenir, est de tout temps r\u00e9put\u00e9e pour son esprit de tol\u00e9rance et de paix\n            <\/p>\n        <\/div>\n    <\/div>\n<\/div>\n<\/div><div class='col-md-4'><div class=\"article-box  lang-fr \">\n    <div class=\"row\">\n                    <div class=\"col-md-12\">\n                <a href=\"https:\/\/diwanfm.net\/news\/%D8%A3%D8%AE%D8%A8%D8%A7%D8%B1-%D8%B5%D9%81%D8%A7%D9%82%D8%B3\/l%27auteur-de-l%27attentat-de-Nice-uncounu-par-les-services-de-s%C3%A9curit%C3%A9s\">\n                    <img src=\"https:\/\/diwanfm.net\/photos\/posts\/2020\/10\/30\/300x169-5f9bec992ed695f9bec992ed6a.jpg\" alt=\"&#039;auteur  pre\u0301sume\u0301 de  l\u2019attentat terroriste de Nice ,  s&#039;appelle Ibrahim al-Issawi, selon les premie\u0300res investigations,il est  originaire  de la de\u0301le\u0301gation  de Buhajla  gouvernorat  de Kairouan  au centre de la Tunisie , il a migr\u00e9 au gouvernorat de Sfax, un centre e\u0301conomique au sud  de la Tunisie ou il vivait  avec sa famille dans le quartier populaire  Nasr du Commissariat a\u0300 la de\u0301le\u0301gation de Tyna a\u0300 une dizaine de Km au sud de Sfax . Ne\u0301 en 1999, Le terroriste   n&#039;est pas connu pour avoir une appartenance  \u00e0 la mouvance extre\u0301miste et  il n\u2019est  connu par les services de se\u0301curite\u0301.\" \/>\n                    <div class=\"tag\" style=\"background-color:#1acceb\">\n                        \u0635\u0641\u0627\u0642\u0633\n                    <\/div>\n                <\/a>\n            <\/div>\n            <div class=\"col-md-12\">\n                <h4><a href=\"https:\/\/diwanfm.net\/news\/%D8%A3%D8%AE%D8%A8%D8%A7%D8%B1-%D8%B5%D9%81%D8%A7%D9%82%D8%B3\/l%27auteur-de-l%27attentat-de-Nice-uncounu-par-les-services-de-s%C3%A9curit%C3%A9s\">L&#039;auteur de l&#039;attentat de Nice inconnu des services de s\u00e9curit\u00e9<\/a>\n                <\/h4>\n            <\/div>\n                <div class=\"col-md-12\">\n                                                                <div class=\"timer\">\n                        <i class=\"icon-clock\"><\/i>\n                        <span>30 Oct 2020 13:52<\/span>\n                    <\/div>\n                                            \n        <\/div>\n        <div class=\"col-md-12\">\n            <p>\n                L\u2019auteur  pre\u0301sume\u0301 de  l\u2019attentat terroriste de Nice ,  s&#039;appelle Ibrahim al-Issawi, selon les premie\u0300res investigations,il est  originaire  de la de\u0301le\u0301gation  de Buhajla  gouvernorat  de Kairouan  au centre de la Tunisie , il a migr\u00e9 au gouvernorat de Sfax, un centre e\u0301conomique au sud  de la Tunisie ou il vivait  avec sa famille dans le quartier populaire  Nasr du a\u0300 la de\u0301le\u0301gation de Thyna a\u0300 une dizaine de Km au sud de Sfax . Ne\u0301 en 1999, Le terroriste   n&#039;est pas connu pour avoir une appartenance  \u00e0 la mouvance extre\u0301miste et  il n\u2019est  connu par les services de se\u0301curite\u0301s.\n            <\/p>\n        <\/div>\n    <\/div>\n<\/div>\n<\/div><div class='col-md-4'><div class=\"article-box  lang-fr \">\n    <div class=\"row\">\n                    <div class=\"col-md-12\">\n                <a href=\"https:\/\/diwanfm.net\/news\/%D8%A3%D8%AE%D8%A8%D8%A7%D8%B1-%D8%B5%D9%81%D8%A7%D9%82%D8%B3\/L%E2%80%99auteur-de-l%E2%80%99attente-de-Nice-a-%C3%A9t%C3%A9%CC%81-condamn%C3%A9-en-2016-pour-coups-et-blessures-%C3%A0-l%E2%80%99arme-blanche\">\n                    <img src=\"https:\/\/diwanfm.net\/photos\/posts\/2020\/10\/30\/300x169-5f9c054288eb35f9c054288eb4.jpg\" alt=\"L\u2019auteur de l\u2019attente de Nice a \u00e9t\u00e9\u0301 condamn\u00e9 en 2016 pour coups et blessures \u00e0 l\u2019arme blanche\" \/>\n                    <div class=\"tag\" style=\"background-color:#1acceb\">\n                        \u0635\u0641\u0627\u0642\u0633\n                    <\/div>\n                <\/a>\n            <\/div>\n            <div class=\"col-md-12\">\n                <h4><a href=\"https:\/\/diwanfm.net\/news\/%D8%A3%D8%AE%D8%A8%D8%A7%D8%B1-%D8%B5%D9%81%D8%A7%D9%82%D8%B3\/L%E2%80%99auteur-de-l%E2%80%99attente-de-Nice-a-%C3%A9t%C3%A9%CC%81-condamn%C3%A9-en-2016-pour-coups-et-blessures-%C3%A0-l%E2%80%99arme-blanche\">L\u2019auteur de l\u2019attente de Nice a \u00e9t\u00e9 condamn\u00e9 en 2016 pour coups et blessures \u00e0 l\u2019arme blanche<\/a>\n                <\/h4>\n            <\/div>\n                <div class=\"col-md-12\">\n                                                                <div class=\"timer\">\n                        <i class=\"icon-clock\"><\/i>\n                        <span>30 Oct 2020 13:22<\/span>\n                    <\/div>\n                                            \n        <\/div>\n        <div class=\"col-md-12\">\n            <p>\n                Diwan FM a appris de sources bien inform\u00e9es que l&#039;auteur de l\u2019attentat terroriste survenu hier dans basilique de Nice, Ibrahim Al-Issawi, avait purg\u00e9 une peine de prison dans une maison de correction en 2016.\n            <\/p>\n        <\/div>\n    <\/div>\n<\/div>\n<\/div>"}