{"html":"<div class='col-md-4'><div class=\"article-box \">\n    <div class=\"row\">\n                    <div class=\"col-md-12\">\n                <a href=\"https:\/\/diwanfm.net\/news\/%D9%88%D8%B7%D9%86%D9%8A%D8%A9\/Directeur-Afrique-du-Nord-Business-%3A-La-Tunisie-est-le-premier-pays-africain-%C3%A0-investir-en-France\">\n                    <img src=\"https:\/\/diwanfm.net\/photos\/posts\/2023\/01\/21\/300x169-63cc561bd466463cc561bd4666.jpg\" alt=\"Directeur Afrique du Nord Business : La Tunisie est le premier pays africain \u00e0 investir en France\" \/>\n                    <div class=\"tag\" style=\"background-color:#e8bc4c\">\n                        \u0648\u0637\u0646\u064a\u0629\n                    <\/div>\n                <\/a>\n            <\/div>\n            <div class=\"col-md-12\">\n                <h4><a href=\"https:\/\/diwanfm.net\/news\/%D9%88%D8%B7%D9%86%D9%8A%D8%A9\/Directeur-Afrique-du-Nord-Business-%3A-La-Tunisie-est-le-premier-pays-africain-%C3%A0-investir-en-France\">Directeur Afrique du Nord Business : La Tunisie est le premier pays africain \u00e0 investir en France<\/a>\n                <\/h4>\n            <\/div>\n                <div class=\"col-md-12\">\n                                                <div class=\"timer\">\n                        <i class=\"icon-clock\"><\/i>\n                        <span>21<\/span>\n                        <span>22:16 2023 \u062c\u0627\u0646\u0641\u064a<\/span>\n                    <\/div>\n                            \n        <\/div>\n        <div class=\"col-md-12\">\n            <p>\n                Le directeur Afrique du Nord Business France, Michel Bauza a d\u00e9clar\u00e9 que la Tunisie est le premier pays africain \u00e0 investir en France et vice versa, et que cela t\u00e9moigne de la relation exceptionnelle qui existe entre les entrepreneurs fran\u00e7ais et tunisiens.\n            <\/p>\n        <\/div>\n    <\/div>\n<\/div>\n<\/div><div class='col-md-4'><div class=\"article-box  lang-fr \">\n    <div class=\"row\">\n                    <div class=\"col-md-12\">\n                <a href=\"https:\/\/diwanfm.net\/news\/%D8%A3%D8%AE%D8%A8%D8%A7%D8%B1-%D8%B5%D9%81%D8%A7%D9%82%D8%B3\/L%E2%80%99auteur-de-l%E2%80%99attente-de-Nice-a-%C3%A9t%C3%A9%CC%81-condamn%C3%A9-en-2016-pour-coups-et-blessures-%C3%A0-l%E2%80%99arme-blanche\">\n                    <img src=\"https:\/\/diwanfm.net\/photos\/posts\/2020\/10\/30\/300x169-5f9c054288eb35f9c054288eb4.jpg\" alt=\"L\u2019auteur de l\u2019attente de Nice a \u00e9t\u00e9\u0301 condamn\u00e9 en 2016 pour coups et blessures \u00e0 l\u2019arme blanche\" \/>\n                    <div class=\"tag\" style=\"background-color:#1acceb\">\n                        \u0635\u0641\u0627\u0642\u0633\n                    <\/div>\n                <\/a>\n            <\/div>\n            <div class=\"col-md-12\">\n                <h4><a href=\"https:\/\/diwanfm.net\/news\/%D8%A3%D8%AE%D8%A8%D8%A7%D8%B1-%D8%B5%D9%81%D8%A7%D9%82%D8%B3\/L%E2%80%99auteur-de-l%E2%80%99attente-de-Nice-a-%C3%A9t%C3%A9%CC%81-condamn%C3%A9-en-2016-pour-coups-et-blessures-%C3%A0-l%E2%80%99arme-blanche\">L\u2019auteur de l\u2019attente de Nice a \u00e9t\u00e9 condamn\u00e9 en 2016 pour coups et blessures \u00e0 l\u2019arme blanche<\/a>\n                <\/h4>\n            <\/div>\n                <div class=\"col-md-12\">\n                                                                <div class=\"timer\">\n                        <i class=\"icon-clock\"><\/i>\n                        <span>30 Oct 2020 13:22<\/span>\n                    <\/div>\n                                            \n        <\/div>\n        <div class=\"col-md-12\">\n            <p>\n                Diwan FM a appris de sources bien inform\u00e9es que l&#039;auteur de l\u2019attentat terroriste survenu hier dans basilique de Nice, Ibrahim Al-Issawi, avait purg\u00e9 une peine de prison dans une maison de correction en 2016.\n            <\/p>\n        <\/div>\n    <\/div>\n<\/div>\n<\/div><div class='col-md-4'><div class=\"article-box  lang-fr \">\n    <div class=\"row\">\n                    <div class=\"col-md-12\">\n                <a href=\"https:\/\/diwanfm.net\/news\/%D8%A3%D8%AE%D8%A8%D8%A7%D8%B1-%D8%B5%D9%81%D8%A7%D9%82%D8%B3\/Le-p%C3%A8re-du-terroriste-%3A-je-condamne-l%E2%80%99attentat-commis-par-mon-fils\">\n                    <img src=\"https:\/\/diwanfm.net\/photos\/posts\/2020\/10\/30\/300x169-5f9c00821b5955f9c00821b596.jpg\" alt=\"Le p\u00e8re du terroriste : je condamne l\u2019attentat commis par mon fils\" \/>\n                    <div class=\"tag\" style=\"background-color:#1acceb\">\n                        \u0635\u0641\u0627\u0642\u0633\n                    <\/div>\n                <\/a>\n            <\/div>\n            <div class=\"col-md-12\">\n                <h4><a href=\"https:\/\/diwanfm.net\/news\/%D8%A3%D8%AE%D8%A8%D8%A7%D8%B1-%D8%B5%D9%81%D8%A7%D9%82%D8%B3\/Le-p%C3%A8re-du-terroriste-%3A-je-condamne-l%E2%80%99attentat-commis-par-mon-fils\">Le p\u00e8re du terroriste : je condamne l\u2019attentat commis par mon fils<\/a>\n                <\/h4>\n            <\/div>\n                <div class=\"col-md-12\">\n                                                                <div class=\"timer\">\n                        <i class=\"icon-clock\"><\/i>\n                        <span>30 Oct 2020 13:03<\/span>\n                    <\/div>\n                                            \n        <\/div>\n        <div class=\"col-md-12\">\n            <p>\n                Le fr\u00e8re de l&#039;auteur de l\u2019attentat terroriste qui a eu lieu hier dans la ville de Nice a confirm\u00e9 que son fr\u00e8re Ibrahim Al-Issawi travaillait dans une \u00e9choppe sp\u00e9cialis\u00e9e dans la vente du\n            <\/p>\n        <\/div>\n    <\/div>\n<\/div>\n<\/div><div class='col-md-4'><div class=\"article-box  lang-fr \">\n    <div class=\"row\">\n                    <div class=\"col-md-12\">\n                <a href=\"https:\/\/diwanfm.net\/news\/%D8%A7%D9%81%D9%83%D8%A7%D8%B1\/Monsieur-l%E2%80%99ambassadeur%E2%80%A6\">\n                    <img src=\"https:\/\/diwanfm.net\/photos\/posts\/2019\/07\/11\/300x169-5d273d44add7f5d273d44add80.jpg\" alt=\"Monsieur l\u2019ambassadeur\u2026\" \/>\n                    <div class=\"tag\" style=\"background-color:#05bcff\">\n                        \u0627\u0641\u0643\u0627\u0631\n                    <\/div>\n                <\/a>\n            <\/div>\n            <div class=\"col-md-12\">\n                <h4><a href=\"https:\/\/diwanfm.net\/news\/%D8%A7%D9%81%D9%83%D8%A7%D8%B1\/Monsieur-l%E2%80%99ambassadeur%E2%80%A6\">Monsieur l\u2019ambassadeur\u2026<\/a>\n                <\/h4>\n            <\/div>\n                <div class=\"col-md-12\">\n                                                                <div class=\"timer\">\n                        <i class=\"icon-clock\"><\/i>\n                        <span>19 Jul 2019 08:01<\/span>\n                    <\/div>\n                                            \n        <\/div>\n        <div class=\"col-md-12\">\n            <p>\n                Les Tunisiens ont fini par avoir l\u2019habitude de voir son excellence Monsieur l\u2019ambassadeur de France en Tunisie\n            <\/p>\n        <\/div>\n    <\/div>\n<\/div>\n<\/div>"}