{"html":"<div class='col-md-4'><div class=\"article-box  lang-fr \">\n    <div class=\"row\">\n                    <div class=\"col-md-12\">\n                <a href=\"https:\/\/diwanfm.net\/news\/%D8%A8%D9%8A%D8%A7%D9%86%D8%A7%D8%AA\/Officiel-%3A-GNV-annonce-son-entr%C3%A9e-sur-le-march%C3%A9-Alg%C3%A9rien\">\n                    <img src=\"https:\/\/diwanfm.net\/photos\/posts\/2025\/04\/07\/300x169-67f40ad78431d67f40ad78431f.jpg\" alt=\"Officiel : GNV annonce son entr\u00e9e sur le march\u00e9 Alg\u00e9rien\" \/>\n                    <div class=\"tag\" style=\"background-color:#FFAD03\">\n                        \u0628\u064a\u0627\u0646\u0627\u062a\n                    <\/div>\n                <\/a>\n            <\/div>\n            <div class=\"col-md-12\">\n                <h4><a href=\"https:\/\/diwanfm.net\/news\/%D8%A8%D9%8A%D8%A7%D9%86%D8%A7%D8%AA\/Officiel-%3A-GNV-annonce-son-entr%C3%A9e-sur-le-march%C3%A9-Alg%C3%A9rien\">Officiel : GNV annonce son entr\u00e9e sur le march\u00e9 Alg\u00e9rien<\/a>\n                <\/h4>\n            <\/div>\n                <div class=\"col-md-12\">\n                                                                <div class=\"timer\">\n                        <i class=\"icon-clock\"><\/i>\n                        <span>07 Apr 2025 18:26<\/span>\n                    <\/div>\n                                            \n        <\/div>\n        <div class=\"col-md-12\">\n            <p>\n                \u2022\tAu cours de la prochaine saison estivale, des liaisons depuis S\u00e8te vers Alger et B\u00e9ja\u00efa viendront s&#039;ajouter au programme de la Compagnie.\r\n\u2022 Les ventes ouvriront le 7 avril avec une promotion d\u00e9di\u00e9e \u00e0 ceux qui choisissent la r\u00e9servation anticip\u00e9e\n            <\/p>\n        <\/div>\n    <\/div>\n<\/div>\n<\/div>"}